{"id":534,"date":"2018-01-15T20:25:49","date_gmt":"2018-01-15T20:25:49","guid":{"rendered":"http:\/\/expocomer.com\/?p=534"},"modified":"2018-01-15T20:25:49","modified_gmt":"2018-01-15T20:25:49","slug":"la-version-treinta-y-cinco-de-expocomer-tendra-como-orador-de-fondo-al-expresidente-uruguayo-julio-maria-sanguinetti","status":"publish","type":"post","link":"https:\/\/www.expocomer.com\/en\/la-version-treinta-y-cinco-de-expocomer-tendra-como-orador-de-fondo-al-expresidente-uruguayo-julio-maria-sanguinetti\/","title":{"rendered":"La versi\u00f3n treinta y cinco de Expocomer tendr\u00e1 como Orador de Fondo al expresidente uruguayo Julio Mar\u00eda Sanguinetti"},"content":{"rendered":"<p style=\"text-align: justify;\">El evento comercial m\u00e1s importante de Panam\u00e1 y la regi\u00f3n, EXPOCOMER 2017, abrir\u00e1 sus puertas este mi\u00e9rcoles 22 de marzo en el Centro de Convenciones ATLAPA, teniendo como invitado al expresidente de Uruguay, Julio Mar\u00eda Sanguinetti, quien ser\u00e1 el Orador de Fondo de esta versi\u00f3n n\u00famero treinta y cinco. La ceremonia inaugural, tambi\u00e9n contar\u00e1 con la presencia del mandatario paname\u00f1o, Juan Carlos Varela.<\/p>\n<p style=\"text-align: justify;\">\u201cPara nuestro gremio, es un orgullo contar en Expocomer con Julio Mar\u00eda Sanguinetti, presidente por dos periodos en Uruguay (1985-1990, 1995-2000), quien expondr\u00e1 sobre los desaf\u00edos que presenta la situaci\u00f3n actual para Am\u00e9rica Latina, destacando la importancia de la promoci\u00f3n de valores c\u00edvicos, expres\u00f3 Jorge Garc\u00eda Icaza, presidente de la C\u00e1mara de Comercio, Industrias y Agricultura de Panam\u00e1 (CCIAP).<\/p>\n<p style=\"text-align: justify;\">Garc\u00eda Icaza, indic\u00f3 que, desde hace 35 a\u00f1os, la C\u00e1mara de Comercio, Industrias y Agricultura de Panam\u00e1) desarrolla exitosamente Expocomer, que se ha convertido en un evento pa\u00eds que confirma su rol como un hub efectivo para los negocios. La derrama comercial que se produce alrededor de la feria, aporta de forma directa e indirecta a la econom\u00eda en muchas direcciones.<\/p>\n<p style=\"text-align: justify;\">\u201cCreemos que, a pesar de la situaci\u00f3n econ\u00f3mica y pol\u00edtica que atraviesa la regi\u00f3n, Expocomer sigue siendo una herramienta valiosa para generar negocios e intercambio comercial entre los pa\u00edses asistentes\u201d, agreg\u00f3 Garc\u00eda Icaza.<\/p>\n<p style=\"text-align: justify;\">La principal feria multisectorial de Am\u00e9rica Latina, que se extender\u00e1 hasta el s\u00e1bado 25 de marzo, tendr\u00e1 la participaci\u00f3n de unos 30 pa\u00edses de Am\u00e9rica, Europa, Asia y \u00c1frica, que acuden a este magno evento para aprovechar las oportunidades de representar, desde l\u00edneas de alimentos y productos textiles hasta tecnolog\u00eda de punta, explic\u00f3 Fernando Arango Morrice, presidente de la Comisi\u00f3n Organizadora de Exposiciones y Eventos de la CCIAP.<\/p>\n<p style=\"text-align: justify;\">Arango Morrice, agreg\u00f3 que tambi\u00e9n se espera superar el n\u00famero de visitantes y \u201cque todos nuestros expositores se vean complacidos por participar de Expocomer retornen en la pr\u00f3xima versi\u00f3n que es la Vitrina Comercial, que es perfecta para promocionar sus productos y servicios y darlos a conocer a Panam\u00e1 y al mundo entero\u201d.<\/p>\n<p style=\"text-align: justify;\">El recinto ferial ocupar\u00e1 un espacio de 8,175 metros cuadrados del centro de Convenciones Atlapa entre el \u00e1rea interna y externa, conformado por 575 m\u00f3dulos de exhibici\u00f3n.<\/p>\n<p style=\"text-align: justify;\"><strong>Pa\u00edses participantes<\/strong><\/p>\n<p style=\"text-align: justify;\">Expocomer 2017 cuenta con la participaci\u00f3n de empresarios de Argentina, Brasil, Canad\u00e1, El Caribe y \u00c1frica, Colombia, Costa Rica, Corea, Cuba, Chile, China, Ecuador, El Salvador, Espa\u00f1a, Estados Unidos, Guatemala, India, M\u00e9xico, Panam\u00e1, Per\u00fa, Puerto Rico, Taiw\u00e1n, Turqu\u00eda y Venezuela. Por primera vez, participan los pa\u00edses de Canad\u00e1 y Nigeria.<\/p>\n<p style=\"text-align: justify;\">Los pa\u00edses que participan de la feria multisectorial, son distribuidos en pabellones, que cuentan con una diversa gama de productos.<\/p>\n<p style=\"text-align: justify;\">En relaci\u00f3n a los compradores, hay confirmada una delegaci\u00f3n de 100 empresarios, que provienen de Centroam\u00e9rica, Suram\u00e9rica y el Caribe, quienes participar\u00e1n en la Rueda de Negocios. Adicionalmente, se estima que alrededor de 10 mil empresarios visitar\u00e1n el recinto ferial.<\/p>\n<p style=\"text-align: justify;\"><strong>Horario<\/strong><\/p>\n<p style=\"text-align: justify;\">La inauguraci\u00f3n de Expocomer 2017 se realizar\u00e1 a las 11:00 a.m. del mi\u00e9rcoles 22 de marzo en el Teatro Anayansi y estar\u00e1n presentes importantes personalidades locales e internacionales.<\/p>\n<p style=\"text-align: justify;\">El horario de entrada a la exhibici\u00f3n para expositores y compradores es de 1:00 p.m. a 9:00 p.m. del mi\u00e9rcoles 22 al s\u00e1bado 25 de marzo. Los boletos de entrada para acceder se pueden adquirir en la taquilla del evento.<\/p>\n<p style=\"text-align: justify;\"><strong>\u00a0Eventos paralelos<\/strong><\/p>\n<p style=\"text-align: justify;\">El Observatorio de Seguridad Ciudadana de la CCIAP ha organizado una agenda de tres actividades en el marco de la exposici\u00f3n, todas en el sal\u00f3n San Lorenzo del centro de convenciones:<\/p>\n<ul style=\"text-align: justify;\">\n<li><strong>Encuentro internacional de alcaldes<\/strong>, donde los jefes de m\u00e1s de 65 municipios nacionales e internacionales intercambiar\u00e1n experiencias sobre las pol\u00edticas de seguridad en los gobiernos locales. La actividad ser\u00e1 el mi\u00e9rcoles 22 de marzo de 8:00 a.m. a 10:30 a.m.<\/li>\n<li><strong>Taller sobre el Sistema Penal Acusatorio (SPA)<\/strong>, \u201cLa oralidad como elemento crucial del SPA\u201d, el mi\u00e9rcoles 22, jueves 23 y viernes 24 de marzo de 5:00 p.m. a 8:00 p.m.<\/li>\n<li><strong>Foro Internacional de Seguridad \u201cHacia Ciudades M\u00e1s Seguras II\u201d<\/strong>, los d\u00edas jueves 23 y viernes 24 de marzo de 8.00 a.m. a 4:00 p.m. en el Sal\u00f3n San Lorenzo.<\/li>\n<\/ul>\n<p style=\"text-align: justify;\">Los compradores y expositores de la actividad ferial, tendr\u00e1n nuevamente la oportunidad de establecer v\u00ednculos comerciales en la <strong>IV Rueda de Negocios, <\/strong>el mi\u00e9rcoles 22 de marzo a las 2:00 p.m. en el Teatro La Huaca.<\/p>\n<p style=\"text-align: justify;\">Para impulsar la agroindustria, se realizar\u00e1 el <strong>Primer Simposio Nacional Agropecuario,<\/strong> con miras a buscar estrategias y nuevas oportunidades para este sector en el pa\u00eds. Este c\u00f3nclave tendr\u00e1 lugar el jueves 23 de marzo en el Sal\u00f3n Ibacuet en Atlapa, de 8:30 a.m. a 1:30 p.m. Participan especialistas del sector agropecuario de Panam\u00e1, Estados Unidos, M\u00e9xico y Argentina. Tambi\u00e9n se contar\u00e1 con expositores de diferentes instituciones gubernamentales como el Ministerio de Desarrollo Agropecuario (MIDA), Instituto de Mercadeo Agropecuario (IMA), Banco de Desarrollo Agropecuario (BDA), Instituto de Seguro Agropecuario (ISA), Instituto de Investigaciones Agropecuaria de Panam\u00e1 (IDIAP), Mercados Nacionales de la Cadena Fr\u00edo y la Autoridad de los Recursos Acu\u00e1ticos de Panam\u00e1 (ARAP).<\/p>\n<p style=\"text-align: justify;\">Por und\u00e9cima ocasi\u00f3n, la CCIAP junto con la Secretar\u00eda Nacional de Ciencia, Tecnolog\u00eda e Innovaci\u00f3n (SENACYT) otorgar\u00e1 el <strong>Premio Nacional a la Innovaci\u00f3n Empresarial<\/strong>. Este galard\u00f3n se entrega a paname\u00f1os o empresas paname\u00f1as emprendedoras e innovadoras que se destacan por sus actividades comerciales y\/o industriales. Esta premiaci\u00f3n se realizar\u00e1 el jueves 23 de marzo a las 6:30 p.m. en el Teatro La Huaca.<\/p>\n<p style=\"text-align: justify;\">El viernes 24 de marzo a las 8:30 a.m. se llevar\u00e1 a cabo el <strong>Foro Gesti\u00f3n de Riesgos para la Sostenibilidad Empresarial<\/strong>. El mismo viernes, a las 3:00 p.m. en el Teatro La Huaca, ser\u00e1 el <strong>Primer Networking<\/strong> del 2017, donde las empresas de los 15 sectores econ\u00f3micos tendr\u00e1n la oportunidad de incrementar su red de negocios local e internacional.<\/p>\n<p style=\"text-align: justify;\">Expocomer se realiza gracias al patrocinio del Ministerio de Comercio e Industrias (MICI), la Agencia de Promoci\u00f3n de Inversiones de Panam\u00e1 (PROINVEX), Ministerio de Desarrollo Agropecuario (MIDA) y Copa Airlines. Adem\u00e1s, cuenta con el apoyo de Mall TV, Cable Onda Sports y Eco TV.<\/p>\n<p>&nbsp;<\/p>\n","protected":false},"excerpt":{"rendered":"<p>El evento comercial m\u00e1s importante de Panam\u00e1 y la regi\u00f3n, EXPOCOMER 2017, abrir\u00e1 sus puertas este mi\u00e9rcoles 22 de marzo en el Centro de Convenciones ATLAPA, teniendo como invitado al expresidente de Uruguay, Julio Mar\u00eda Sanguinetti, quien ser\u00e1 el Orador de Fondo de esta versi\u00f3n n\u00famero treinta y cinco. La&#8230;<\/p>\n","protected":false},"author":1,"featured_media":535,"comment_status":"open","ping_status":"open","sticky":false,"template":"","format":"standard","meta":{"_exactmetrics_skip_tracking":false,"_exactmetrics_sitenote_active":false,"_exactmetrics_sitenote_note":"","_exactmetrics_sitenote_category":0,"_uf_show_specific_survey":0,"_uf_disable_surveys":false,"footnotes":""},"categories":[5],"tags":[],"class_list":["post-534","post","type-post","status-publish","format-standard","has-post-thumbnail","hentry","category-noticias"],"translation":{"provider":"WPGlobus","version":"3.0.0","language":"en","enabled_languages":["es","en"],"languages":{"es":{"title":true,"content":true,"excerpt":false},"en":{"title":false,"content":false,"excerpt":false}}},"yoast_head":"<!-- This site is optimized with the Yoast SEO plugin v26.1.1 - https:\/\/yoast.com\/wordpress\/plugins\/seo\/ -->\n<title>La versi\u00f3n treinta y cinco de Expocomer tendr\u00e1 como Orador de Fondo al expresidente uruguayo Julio Mar\u00eda Sanguinetti - EXPOCOMER<\/title>\n<meta name=\"robots\" content=\"index, follow, max-snippet:-1, max-image-preview:large, max-video-preview:-1\" \/>\n<link rel=\"canonical\" href=\"https:\/\/www.expocomer.com\/la-version-treinta-y-cinco-de-expocomer-tendra-como-orador-de-fondo-al-expresidente-uruguayo-julio-maria-sanguinetti\/\" \/>\n<meta property=\"og:locale\" content=\"en_US\" \/>\n<meta property=\"og:type\" content=\"article\" \/>\n<meta property=\"og:title\" content=\"La versi\u00f3n treinta y cinco de Expocomer tendr\u00e1 como Orador de Fondo al expresidente uruguayo Julio Mar\u00eda Sanguinetti - EXPOCOMER\" \/>\n<meta property=\"og:url\" content=\"https:\/\/www.expocomer.com\/la-version-treinta-y-cinco-de-expocomer-tendra-como-orador-de-fondo-al-expresidente-uruguayo-julio-maria-sanguinetti\/\" \/>\n<meta property=\"og:site_name\" content=\"EXPOCOMER\" \/>\n<meta property=\"article:published_time\" content=\"2018-01-15T20:25:49+00:00\" \/>\n<meta property=\"og:image\" content=\"https:\/\/www.expocomer.com\/wp-content\/uploads\/2018\/01\/LCP1344.jpg\" \/>\n\t<meta property=\"og:image:width\" content=\"1500\" \/>\n\t<meta property=\"og:image:height\" content=\"1001\" \/>\n\t<meta property=\"og:image:type\" content=\"image\/jpeg\" \/>\n<meta name=\"author\" content=\"elvimabhel\" \/>\n<meta name=\"twitter:card\" content=\"summary_large_image\" \/>\n<meta name=\"twitter:label1\" content=\"Written by\" \/>\n\t<meta name=\"twitter:data1\" content=\"elvimabhel\" \/>\n\t<meta name=\"twitter:label2\" content=\"Est. reading time\" \/>\n\t<meta name=\"twitter:data2\" content=\"5 minutes\" \/>\n<script type=\"application\/ld+json\" class=\"yoast-schema-graph\">{\"@context\":\"https:\/\/schema.org\",\"@graph\":[{\"@type\":\"WebPage\",\"@id\":\"https:\/\/www.expocomer.com\/la-version-treinta-y-cinco-de-expocomer-tendra-como-orador-de-fondo-al-expresidente-uruguayo-julio-maria-sanguinetti\/\",\"url\":\"https:\/\/www.expocomer.com\/la-version-treinta-y-cinco-de-expocomer-tendra-como-orador-de-fondo-al-expresidente-uruguayo-julio-maria-sanguinetti\/\",\"name\":\"La versi\u00f3n treinta y cinco de Expocomer tendr\u00e1 como Orador de Fondo al expresidente uruguayo Julio Mar\u00eda Sanguinetti - EXPOCOMER\",\"isPartOf\":{\"@id\":\"https:\/\/www.expocomer.com\/#website\"},\"primaryImageOfPage\":{\"@id\":\"https:\/\/www.expocomer.com\/la-version-treinta-y-cinco-de-expocomer-tendra-como-orador-de-fondo-al-expresidente-uruguayo-julio-maria-sanguinetti\/#primaryimage\"},\"image\":{\"@id\":\"https:\/\/www.expocomer.com\/la-version-treinta-y-cinco-de-expocomer-tendra-como-orador-de-fondo-al-expresidente-uruguayo-julio-maria-sanguinetti\/#primaryimage\"},\"thumbnailUrl\":\"https:\/\/www.expocomer.com\/wp-content\/uploads\/2018\/01\/LCP1344.jpg\",\"datePublished\":\"2018-01-15T20:25:49+00:00\",\"author\":{\"@id\":\"https:\/\/www.expocomer.com\/#\/schema\/person\/4cf2cea5f8fdf0db27a82e33697452cb\"},\"breadcrumb\":{\"@id\":\"https:\/\/www.expocomer.com\/la-version-treinta-y-cinco-de-expocomer-tendra-como-orador-de-fondo-al-expresidente-uruguayo-julio-maria-sanguinetti\/#breadcrumb\"},\"inLanguage\":\"en-US\",\"potentialAction\":[{\"@type\":\"ReadAction\",\"target\":[\"https:\/\/www.expocomer.com\/la-version-treinta-y-cinco-de-expocomer-tendra-como-orador-de-fondo-al-expresidente-uruguayo-julio-maria-sanguinetti\/\"]}]},{\"@type\":\"ImageObject\",\"inLanguage\":\"en-US\",\"@id\":\"https:\/\/www.expocomer.com\/la-version-treinta-y-cinco-de-expocomer-tendra-como-orador-de-fondo-al-expresidente-uruguayo-julio-maria-sanguinetti\/#primaryimage\",\"url\":\"https:\/\/www.expocomer.com\/wp-content\/uploads\/2018\/01\/LCP1344.jpg\",\"contentUrl\":\"https:\/\/www.expocomer.com\/wp-content\/uploads\/2018\/01\/LCP1344.jpg\",\"width\":1500,\"height\":1001},{\"@type\":\"BreadcrumbList\",\"@id\":\"https:\/\/www.expocomer.com\/la-version-treinta-y-cinco-de-expocomer-tendra-como-orador-de-fondo-al-expresidente-uruguayo-julio-maria-sanguinetti\/#breadcrumb\",\"itemListElement\":[{\"@type\":\"ListItem\",\"position\":1,\"name\":\"Portada\",\"item\":\"https:\/\/www.expocomer.com\/\"},{\"@type\":\"ListItem\",\"position\":2,\"name\":\"La versi\u00f3n treinta y cinco de Expocomer tendr\u00e1 como Orador de Fondo al expresidente uruguayo Julio Mar\u00eda Sanguinetti\"}]},{\"@type\":\"WebSite\",\"@id\":\"https:\/\/www.expocomer.com\/#website\",\"url\":\"https:\/\/www.expocomer.com\/\",\"name\":\"EXPOCOMER\",\"description\":\"EXPOCOMER\",\"potentialAction\":[{\"@type\":\"SearchAction\",\"target\":{\"@type\":\"EntryPoint\",\"urlTemplate\":\"https:\/\/www.expocomer.com\/?s={search_term_string}\"},\"query-input\":{\"@type\":\"PropertyValueSpecification\",\"valueRequired\":true,\"valueName\":\"search_term_string\"}}],\"inLanguage\":\"en-US\"},{\"@type\":\"Person\",\"@id\":\"https:\/\/www.expocomer.com\/#\/schema\/person\/4cf2cea5f8fdf0db27a82e33697452cb\",\"name\":\"elvimabhel\",\"image\":{\"@type\":\"ImageObject\",\"inLanguage\":\"en-US\",\"@id\":\"https:\/\/www.expocomer.com\/#\/schema\/person\/image\/\",\"url\":\"https:\/\/secure.gravatar.com\/avatar\/af3d49a44a928785706ee2c134cb27135c0f7b6c450404b23c43fdd6bacf40ba?s=96&d=mm&r=g\",\"contentUrl\":\"https:\/\/secure.gravatar.com\/avatar\/af3d49a44a928785706ee2c134cb27135c0f7b6c450404b23c43fdd6bacf40ba?s=96&d=mm&r=g\",\"caption\":\"elvimabhel\"},\"url\":\"https:\/\/www.expocomer.com\/en\/author\/elvimabhel\/\"}]}<\/script>\n<!-- \/ Yoast SEO plugin. -->","yoast_head_json":{"title":"La versi\u00f3n treinta y cinco de Expocomer tendr\u00e1 como Orador de Fondo al expresidente uruguayo Julio Mar\u00eda Sanguinetti - EXPOCOMER","robots":{"index":"index","follow":"follow","max-snippet":"max-snippet:-1","max-image-preview":"max-image-preview:large","max-video-preview":"max-video-preview:-1"},"canonical":"https:\/\/www.expocomer.com\/la-version-treinta-y-cinco-de-expocomer-tendra-como-orador-de-fondo-al-expresidente-uruguayo-julio-maria-sanguinetti\/","og_locale":"en_US","og_type":"article","og_title":"La versi\u00f3n treinta y cinco de Expocomer tendr\u00e1 como Orador de Fondo al expresidente uruguayo Julio Mar\u00eda Sanguinetti - EXPOCOMER","og_url":"https:\/\/www.expocomer.com\/la-version-treinta-y-cinco-de-expocomer-tendra-como-orador-de-fondo-al-expresidente-uruguayo-julio-maria-sanguinetti\/","og_site_name":"EXPOCOMER","article_published_time":"2018-01-15T20:25:49+00:00","og_image":[{"width":1500,"height":1001,"url":"https:\/\/www.expocomer.com\/wp-content\/uploads\/2018\/01\/LCP1344.jpg","type":"image\/jpeg"}],"author":"elvimabhel","twitter_card":"summary_large_image","twitter_misc":{"Written by":"elvimabhel","Est. reading time":"5 minutes"},"schema":{"@context":"https:\/\/schema.org","@graph":[{"@type":"WebPage","@id":"https:\/\/www.expocomer.com\/la-version-treinta-y-cinco-de-expocomer-tendra-como-orador-de-fondo-al-expresidente-uruguayo-julio-maria-sanguinetti\/","url":"https:\/\/www.expocomer.com\/la-version-treinta-y-cinco-de-expocomer-tendra-como-orador-de-fondo-al-expresidente-uruguayo-julio-maria-sanguinetti\/","name":"La versi\u00f3n treinta y cinco de Expocomer tendr\u00e1 como Orador de Fondo al expresidente uruguayo Julio Mar\u00eda Sanguinetti - EXPOCOMER","isPartOf":{"@id":"https:\/\/www.expocomer.com\/#website"},"primaryImageOfPage":{"@id":"https:\/\/www.expocomer.com\/la-version-treinta-y-cinco-de-expocomer-tendra-como-orador-de-fondo-al-expresidente-uruguayo-julio-maria-sanguinetti\/#primaryimage"},"image":{"@id":"https:\/\/www.expocomer.com\/la-version-treinta-y-cinco-de-expocomer-tendra-como-orador-de-fondo-al-expresidente-uruguayo-julio-maria-sanguinetti\/#primaryimage"},"thumbnailUrl":"https:\/\/www.expocomer.com\/wp-content\/uploads\/2018\/01\/LCP1344.jpg","datePublished":"2018-01-15T20:25:49+00:00","author":{"@id":"https:\/\/www.expocomer.com\/#\/schema\/person\/4cf2cea5f8fdf0db27a82e33697452cb"},"breadcrumb":{"@id":"https:\/\/www.expocomer.com\/la-version-treinta-y-cinco-de-expocomer-tendra-como-orador-de-fondo-al-expresidente-uruguayo-julio-maria-sanguinetti\/#breadcrumb"},"inLanguage":"en-US","potentialAction":[{"@type":"ReadAction","target":["https:\/\/www.expocomer.com\/la-version-treinta-y-cinco-de-expocomer-tendra-como-orador-de-fondo-al-expresidente-uruguayo-julio-maria-sanguinetti\/"]}]},{"@type":"ImageObject","inLanguage":"en-US","@id":"https:\/\/www.expocomer.com\/la-version-treinta-y-cinco-de-expocomer-tendra-como-orador-de-fondo-al-expresidente-uruguayo-julio-maria-sanguinetti\/#primaryimage","url":"https:\/\/www.expocomer.com\/wp-content\/uploads\/2018\/01\/LCP1344.jpg","contentUrl":"https:\/\/www.expocomer.com\/wp-content\/uploads\/2018\/01\/LCP1344.jpg","width":1500,"height":1001},{"@type":"BreadcrumbList","@id":"https:\/\/www.expocomer.com\/la-version-treinta-y-cinco-de-expocomer-tendra-como-orador-de-fondo-al-expresidente-uruguayo-julio-maria-sanguinetti\/#breadcrumb","itemListElement":[{"@type":"ListItem","position":1,"name":"Portada","item":"https:\/\/www.expocomer.com\/"},{"@type":"ListItem","position":2,"name":"La versi\u00f3n treinta y cinco de Expocomer tendr\u00e1 como Orador de Fondo al expresidente uruguayo Julio Mar\u00eda Sanguinetti"}]},{"@type":"WebSite","@id":"https:\/\/www.expocomer.com\/#website","url":"https:\/\/www.expocomer.com\/","name":"EXPOCOMER","description":"EXPOCOMER","potentialAction":[{"@type":"SearchAction","target":{"@type":"EntryPoint","urlTemplate":"https:\/\/www.expocomer.com\/?s={search_term_string}"},"query-input":{"@type":"PropertyValueSpecification","valueRequired":true,"valueName":"search_term_string"}}],"inLanguage":"en-US"},{"@type":"Person","@id":"https:\/\/www.expocomer.com\/#\/schema\/person\/4cf2cea5f8fdf0db27a82e33697452cb","name":"elvimabhel","image":{"@type":"ImageObject","inLanguage":"en-US","@id":"https:\/\/www.expocomer.com\/#\/schema\/person\/image\/","url":"https:\/\/secure.gravatar.com\/avatar\/af3d49a44a928785706ee2c134cb27135c0f7b6c450404b23c43fdd6bacf40ba?s=96&d=mm&r=g","contentUrl":"https:\/\/secure.gravatar.com\/avatar\/af3d49a44a928785706ee2c134cb27135c0f7b6c450404b23c43fdd6bacf40ba?s=96&d=mm&r=g","caption":"elvimabhel"},"url":"https:\/\/www.expocomer.com\/en\/author\/elvimabhel\/"}]}},"_links":{"self":[{"href":"https:\/\/www.expocomer.com\/en\/wp-json\/wp\/v2\/posts\/534","targetHints":{"allow":["GET"]}}],"collection":[{"href":"https:\/\/www.expocomer.com\/en\/wp-json\/wp\/v2\/posts"}],"about":[{"href":"https:\/\/www.expocomer.com\/en\/wp-json\/wp\/v2\/types\/post"}],"author":[{"embeddable":true,"href":"https:\/\/www.expocomer.com\/en\/wp-json\/wp\/v2\/users\/1"}],"replies":[{"embeddable":true,"href":"https:\/\/www.expocomer.com\/en\/wp-json\/wp\/v2\/comments?post=534"}],"version-history":[{"count":2,"href":"https:\/\/www.expocomer.com\/en\/wp-json\/wp\/v2\/posts\/534\/revisions"}],"predecessor-version":[{"id":537,"href":"https:\/\/www.expocomer.com\/en\/wp-json\/wp\/v2\/posts\/534\/revisions\/537"}],"wp:featuredmedia":[{"embeddable":true,"href":"https:\/\/www.expocomer.com\/en\/wp-json\/wp\/v2\/media\/535"}],"wp:attachment":[{"href":"https:\/\/www.expocomer.com\/en\/wp-json\/wp\/v2\/media?parent=534"}],"wp:term":[{"taxonomy":"category","embeddable":true,"href":"https:\/\/www.expocomer.com\/en\/wp-json\/wp\/v2\/categories?post=534"},{"taxonomy":"post_tag","embeddable":true,"href":"https:\/\/www.expocomer.com\/en\/wp-json\/wp\/v2\/tags?post=534"}],"curies":[{"name":"wp","href":"https:\/\/api.w.org\/{rel}","templated":true}]}}